{"id":1730,"date":"2026-03-03T13:54:49","date_gmt":"2026-03-03T12:54:49","guid":{"rendered":"https:\/\/www.humboldt-ka.de\/index.php\/?p=1730"},"modified":"2026-03-03T14:04:24","modified_gmt":"2026-03-03T13:04:24","slug":"radioshow-der-k2-im-querfunk","status":"publish","type":"post","link":"https:\/\/www.humboldt-ka.de\/index.php\/radioshow-der-k2-im-querfunk\/","title":{"rendered":"Radioshow der K2 im Querfunk"},"content":{"rendered":"\n<p>Im Rahmen des Basisfachs Deutsch von Herrn Parusel hat die K2 eine eigene Radioshow aufgenommen, die am <strong>morgigen Mittwoch um 15 Uhr <\/strong>ausgestrahlt wird. Die einst\u00fcndige Sendung kann \u00fcber die <strong>UKW-Frequenz 104,8<\/strong> geh\u00f6rt werden. Thematisch haben sich die Kursteilnehmerinnen und Kursteilnehmer mit der journalisitschen Textgattung des &#8222;Kommentars&#8220; auseinandergesetzt und mit aktuellen Themen befasst. Die Bandbreite reicht dabei von Bad Bunnys Auftritt beim diesj\u00e4hrigen Superbowl, dem Einfluss von Social-Media auf den Politikbetrieb bis hin zum Feminismus im Deutschrap. Das Ergebnis kann sich h\u00f6ren lassen! Unbedingt einschalten! <strong>Hier der Livestream<\/strong>: <a href=\"https:\/\/stream.querfunk.de\/qfhi\">https:\/\/stream.querfunk.de\/qfhi<\/a><\/p>\n\n\n\n<p class=\"has-text-align-right\"><em>von Redaktion<\/em><\/p>\n\n\n\n<p><\/p>\n","protected":false},"excerpt":{"rendered":"<p>Im Rahmen des Basisfachs Deutsch von Herrn Parusel hat die K2 eine eigene Radioshow aufgenommen, die am morgigen Mittwoch um 15 Uhr ausgestrahlt wird. Die einst\u00fcndige Sendung kann \u00fcber die UKW-Frequenz 104,8 geh\u00f6rt werden. Thematisch haben sich die Kursteilnehmerinnen und Kursteilnehmer mit der journalisitschen Textgattung des &#8222;Kommentars&#8220; auseinandergesetzt und mit aktuellen Themen befasst. Die Bandbreite [&hellip;]<\/p>\n","protected":false},"author":16,"featured_media":1736,"comment_status":"closed","ping_status":"open","sticky":false,"template":"","format":"standard","meta":{"footnotes":""},"categories":[1],"tags":[],"class_list":["post-1730","post","type-post","status-publish","format-standard","has-post-thumbnail","hentry","category-news"],"_links":{"self":[{"href":"https:\/\/www.humboldt-ka.de\/index.php\/wp-json\/wp\/v2\/posts\/1730","targetHints":{"allow":["GET"]}}],"collection":[{"href":"https:\/\/www.humboldt-ka.de\/index.php\/wp-json\/wp\/v2\/posts"}],"about":[{"href":"https:\/\/www.humboldt-ka.de\/index.php\/wp-json\/wp\/v2\/types\/post"}],"author":[{"embeddable":true,"href":"https:\/\/www.humboldt-ka.de\/index.php\/wp-json\/wp\/v2\/users\/16"}],"replies":[{"embeddable":true,"href":"https:\/\/www.humboldt-ka.de\/index.php\/wp-json\/wp\/v2\/comments?post=1730"}],"version-history":[{"count":4,"href":"https:\/\/www.humboldt-ka.de\/index.php\/wp-json\/wp\/v2\/posts\/1730\/revisions"}],"predecessor-version":[{"id":1742,"href":"https:\/\/www.humboldt-ka.de\/index.php\/wp-json\/wp\/v2\/posts\/1730\/revisions\/1742"}],"wp:featuredmedia":[{"embeddable":true,"href":"https:\/\/www.humboldt-ka.de\/index.php\/wp-json\/wp\/v2\/media\/1736"}],"wp:attachment":[{"href":"https:\/\/www.humboldt-ka.de\/index.php\/wp-json\/wp\/v2\/media?parent=1730"}],"wp:term":[{"taxonomy":"category","embeddable":true,"href":"https:\/\/www.humboldt-ka.de\/index.php\/wp-json\/wp\/v2\/categories?post=1730"},{"taxonomy":"post_tag","embeddable":true,"href":"https:\/\/www.humboldt-ka.de\/index.php\/wp-json\/wp\/v2\/tags?post=1730"}],"curies":[{"name":"wp","href":"https:\/\/api.w.org\/{rel}","templated":true}]}}