{"id":1731,"date":"2026-03-09T08:40:00","date_gmt":"2026-03-09T07:40:00","guid":{"rendered":"https:\/\/www.humboldt-ka.de\/index.php\/?p=1731"},"modified":"2026-03-11T20:03:49","modified_gmt":"2026-03-11T19:03:49","slug":"fruehlingserwachen-am-hgk","status":"publish","type":"post","link":"https:\/\/www.humboldt-ka.de\/index.php\/fruehlingserwachen-am-hgk\/","title":{"rendered":"Fr\u00fchlingserwachen am HGK"},"content":{"rendered":"\n<p>Am <strong>9. Mai<\/strong> dieses Jahres findet wieder der allj\u00e4hrliche Fr\u00fchlingsmarkt am Humboldt Gymnasium statt. <br>Zwischen <strong>10 und 13 Uhr<\/strong> erwarten die Besucher Hobbykunst, ein B\u00fccherflohmarkt, eine attraktive Pflanzenb\u00f6rse sowie musikalische Auff\u00fchrungen und Weiteres. <br>Die Schulgemeinschaft freut sich \u00fcber den Fr\u00fchlingsauftakt und Ihr Kommen!<\/p>\n\n\n\n<p class=\"has-text-align-right\">   <em>von Laura Klima<\/em><\/p>\n\n\n\n<p><\/p>\n","protected":false},"excerpt":{"rendered":"<p>Am 9. Mai dieses Jahres findet wieder der allj\u00e4hrliche Fr\u00fchlingsmarkt am Humboldt Gymnasium statt. Zwischen 10 und 13 Uhr erwarten die Besucher Hobbykunst, ein B\u00fccherflohmarkt, eine attraktive Pflanzenb\u00f6rse sowie musikalische Auff\u00fchrungen und Weiteres. Die Schulgemeinschaft freut sich \u00fcber den Fr\u00fchlingsauftakt und Ihr Kommen! von Laura Klima<\/p>\n","protected":false},"author":16,"featured_media":1734,"comment_status":"closed","ping_status":"open","sticky":false,"template":"","format":"standard","meta":{"footnotes":""},"categories":[1],"tags":[],"class_list":["post-1731","post","type-post","status-publish","format-standard","has-post-thumbnail","hentry","category-news"],"_links":{"self":[{"href":"https:\/\/www.humboldt-ka.de\/index.php\/wp-json\/wp\/v2\/posts\/1731","targetHints":{"allow":["GET"]}}],"collection":[{"href":"https:\/\/www.humboldt-ka.de\/index.php\/wp-json\/wp\/v2\/posts"}],"about":[{"href":"https:\/\/www.humboldt-ka.de\/index.php\/wp-json\/wp\/v2\/types\/post"}],"author":[{"embeddable":true,"href":"https:\/\/www.humboldt-ka.de\/index.php\/wp-json\/wp\/v2\/users\/16"}],"replies":[{"embeddable":true,"href":"https:\/\/www.humboldt-ka.de\/index.php\/wp-json\/wp\/v2\/comments?post=1731"}],"version-history":[{"count":5,"href":"https:\/\/www.humboldt-ka.de\/index.php\/wp-json\/wp\/v2\/posts\/1731\/revisions"}],"predecessor-version":[{"id":1787,"href":"https:\/\/www.humboldt-ka.de\/index.php\/wp-json\/wp\/v2\/posts\/1731\/revisions\/1787"}],"wp:featuredmedia":[{"embeddable":true,"href":"https:\/\/www.humboldt-ka.de\/index.php\/wp-json\/wp\/v2\/media\/1734"}],"wp:attachment":[{"href":"https:\/\/www.humboldt-ka.de\/index.php\/wp-json\/wp\/v2\/media?parent=1731"}],"wp:term":[{"taxonomy":"category","embeddable":true,"href":"https:\/\/www.humboldt-ka.de\/index.php\/wp-json\/wp\/v2\/categories?post=1731"},{"taxonomy":"post_tag","embeddable":true,"href":"https:\/\/www.humboldt-ka.de\/index.php\/wp-json\/wp\/v2\/tags?post=1731"}],"curies":[{"name":"wp","href":"https:\/\/api.w.org\/{rel}","templated":true}]}}