{"id":1748,"date":"2026-03-04T08:45:46","date_gmt":"2026-03-04T07:45:46","guid":{"rendered":"https:\/\/www.humboldt-ka.de\/index.php\/?p=1748"},"modified":"2026-03-08T21:54:47","modified_gmt":"2026-03-08T20:54:47","slug":"in-neuen-trikots-bei-den-la-meisterschaften","status":"publish","type":"post","link":"https:\/\/www.humboldt-ka.de\/index.php\/in-neuen-trikots-bei-den-la-meisterschaften\/","title":{"rendered":"LA-Meisterschaften mit neuen Trikots"},"content":{"rendered":"\n<p>Am Dienstag, den 27.1.2026, fanden die Karlsruher Sch\u00fcler-Leichtathletikmeisterschaften in der Europahalle statt.\u00a0Das Humboldt- Gymnasium war mit einem 23-k\u00f6pfigen Team aus Klasse 5 bis 7 vertreten, betreut von den beiden Sportlehrern Herr Stolz und Frau Sch\u00fctze. <\/p>\n\n\n\n<p>Die Sch\u00fclerinnen und Sch\u00fcler haben sich erfolgreich mit anderen Sportlern aus insgesamt 28 Schulen in Sprint (50 m), Mittelstrecke (800 m) sowie Weit- und Hochsprung gemessen. Dabei kamen erstmals die vom F\u00f6rderverein finanzierten neuen Trikots zum Einsatz.<\/p>\n\n\n\n<p>Wir konnten 4 Podestpl\u00e4tze und weitere Platzierungen unter den ersten 8 erringen: <strong>Paula Henninger<\/strong> aus der 6b gewann den 800m-Lauf in ihrem Jahrgang in 2:50 min. <strong>Lotte Sauer<\/strong>, ebenfalls 6b, wurde Vizemeisterin beim 50m-Lauf in 7,71 sec und dar\u00fcber hinaus Dritte beim 800m-Lauf in 3:03 min. <strong>Lukas<\/strong> aus der 6d konnte im Weitsprung mit 4,06 m die Bronzemedaille erspringen und komplettierte seine gute Leistung mit einem 6. Platz im Hochsprung mit \u00fcbersprungenen 1,20 m.<\/p>\n\n\n\n<p>Sein Klassenkamerad <strong>Jackson Pekerosky<\/strong> trat ebenfalls im Hochsprung des \u00e4lteren Jahrgangs an und \u00fcbersprang sehr gute 1,40 m, was den 8. Platz bei einer starken Konkurrenz bedeutete.<\/p>\n\n\n\n<p>Insgesamt konnte das Team in der Mannschaftswertung den <strong>9. Platz<\/strong> erreichen. Alle haben ihr Bestes gegeben, sich gegenseitig unterst\u00fctzt und einen sch\u00f6nen Tag in der Europahalle verbracht. Herzlichen Gl\u00fcckwunsch von euren Sportlehrern!<\/p>\n\n\n\n<p class=\"has-text-align-right\"><em>von Victoria Sch\u00fctze und Andreas Stolz<\/em><\/p>\n\n\n\n<figure class=\"wp-block-gallery has-nested-images columns-default is-cropped wp-block-gallery-1 is-layout-flex wp-block-gallery-is-layout-flex\">\n<figure class=\"wp-block-image size-large\"><img loading=\"lazy\" decoding=\"async\" width=\"1024\" height=\"768\" data-id=\"1757\" src=\"https:\/\/www.humboldt-ka.de\/wp-content\/uploads\/2026\/03\/IMG_5695-1024x768.jpg\" alt=\"\" class=\"wp-image-1757\" srcset=\"https:\/\/www.humboldt-ka.de\/wp-content\/uploads\/2026\/03\/IMG_5695-1024x768.jpg 1024w, https:\/\/www.humboldt-ka.de\/wp-content\/uploads\/2026\/03\/IMG_5695-300x225.jpg 300w, https:\/\/www.humboldt-ka.de\/wp-content\/uploads\/2026\/03\/IMG_5695-768x576.jpg 768w, https:\/\/www.humboldt-ka.de\/wp-content\/uploads\/2026\/03\/IMG_5695-1536x1152.jpg 1536w, https:\/\/www.humboldt-ka.de\/wp-content\/uploads\/2026\/03\/IMG_5695-2048x1536.jpg 2048w\" sizes=\"auto, (max-width: 1024px) 100vw, 1024px\" \/><\/figure>\n\n\n\n<figure class=\"wp-block-image size-large\"><img loading=\"lazy\" decoding=\"async\" width=\"769\" height=\"1024\" data-id=\"1756\" src=\"https:\/\/www.humboldt-ka.de\/wp-content\/uploads\/2026\/03\/IMG_5693-769x1024.jpg\" alt=\"\" class=\"wp-image-1756\" srcset=\"https:\/\/www.humboldt-ka.de\/wp-content\/uploads\/2026\/03\/IMG_5693-769x1024.jpg 769w, https:\/\/www.humboldt-ka.de\/wp-content\/uploads\/2026\/03\/IMG_5693-225x300.jpg 225w, https:\/\/www.humboldt-ka.de\/wp-content\/uploads\/2026\/03\/IMG_5693-768x1023.jpg 768w, https:\/\/www.humboldt-ka.de\/wp-content\/uploads\/2026\/03\/IMG_5693-1154x1536.jpg 1154w, https:\/\/www.humboldt-ka.de\/wp-content\/uploads\/2026\/03\/IMG_5693.jpg 1508w\" sizes=\"auto, (max-width: 769px) 100vw, 769px\" \/><\/figure>\n\n\n\n<figure class=\"wp-block-image size-full\"><img loading=\"lazy\" decoding=\"async\" width=\"196\" height=\"261\" data-id=\"1751\" src=\"https:\/\/www.humboldt-ka.de\/wp-content\/uploads\/2026\/03\/LA3.jpg\" alt=\"\" class=\"wp-image-1751\"\/><\/figure>\n<\/figure>\n\n\n\n<p><\/p>\n","protected":false},"excerpt":{"rendered":"<p>Am Dienstag, den 27.1.2026, fanden die Karlsruher Sch\u00fcler-Leichtathletikmeisterschaften in der Europahalle statt.\u00a0Das Humboldt- Gymnasium war mit einem 23-k\u00f6pfigen Team aus Klasse 5 bis 7 vertreten, betreut von den beiden Sportlehrern Herr Stolz und Frau Sch\u00fctze. Die Sch\u00fclerinnen und Sch\u00fcler haben sich erfolgreich mit anderen Sportlern aus insgesamt 28 Schulen in Sprint (50 m), Mittelstrecke (800 [&hellip;]<\/p>\n","protected":false},"author":16,"featured_media":1759,"comment_status":"closed","ping_status":"open","sticky":false,"template":"","format":"standard","meta":{"footnotes":""},"categories":[1],"tags":[],"class_list":["post-1748","post","type-post","status-publish","format-standard","has-post-thumbnail","hentry","category-news"],"_links":{"self":[{"href":"https:\/\/www.humboldt-ka.de\/index.php\/wp-json\/wp\/v2\/posts\/1748","targetHints":{"allow":["GET"]}}],"collection":[{"href":"https:\/\/www.humboldt-ka.de\/index.php\/wp-json\/wp\/v2\/posts"}],"about":[{"href":"https:\/\/www.humboldt-ka.de\/index.php\/wp-json\/wp\/v2\/types\/post"}],"author":[{"embeddable":true,"href":"https:\/\/www.humboldt-ka.de\/index.php\/wp-json\/wp\/v2\/users\/16"}],"replies":[{"embeddable":true,"href":"https:\/\/www.humboldt-ka.de\/index.php\/wp-json\/wp\/v2\/comments?post=1748"}],"version-history":[{"count":5,"href":"https:\/\/www.humboldt-ka.de\/index.php\/wp-json\/wp\/v2\/posts\/1748\/revisions"}],"predecessor-version":[{"id":1788,"href":"https:\/\/www.humboldt-ka.de\/index.php\/wp-json\/wp\/v2\/posts\/1748\/revisions\/1788"}],"wp:featuredmedia":[{"embeddable":true,"href":"https:\/\/www.humboldt-ka.de\/index.php\/wp-json\/wp\/v2\/media\/1759"}],"wp:attachment":[{"href":"https:\/\/www.humboldt-ka.de\/index.php\/wp-json\/wp\/v2\/media?parent=1748"}],"wp:term":[{"taxonomy":"category","embeddable":true,"href":"https:\/\/www.humboldt-ka.de\/index.php\/wp-json\/wp\/v2\/categories?post=1748"},{"taxonomy":"post_tag","embeddable":true,"href":"https:\/\/www.humboldt-ka.de\/index.php\/wp-json\/wp\/v2\/tags?post=1748"}],"curies":[{"name":"wp","href":"https:\/\/api.w.org\/{rel}","templated":true}]}}