{"id":1830,"date":"2026-03-08T21:31:43","date_gmt":"2026-03-08T20:31:43","guid":{"rendered":"https:\/\/www.humboldt-ka.de\/index.php\/?p=1830"},"modified":"2026-03-09T10:08:51","modified_gmt":"2026-03-09T09:08:51","slug":"juniorwahl-zur-landtagswahl-bawue","status":"publish","type":"post","link":"https:\/\/www.humboldt-ka.de\/index.php\/juniorwahl-zur-landtagswahl-bawue\/","title":{"rendered":"Juniorwahl zur Landtagswahl Baden-W\u00fcrttemberg"},"content":{"rendered":"\n<p>Am Donnerstag, den 05.03.2026, fand am Humboldt-Gymnasium f\u00fcr die Klassenstufen 9 bis K2 die Juniorwahl zur Landtagswahl Baden-W\u00fcrttemberg statt. Die Sch\u00fclerinnen und Sch\u00fcler des Leistungsfachs Gemeinschaftskunde K1 richteten hierf\u00fcr ein Wahllokal in der Aula ein. Dort konnten alle Wahlberechtigten vor der ersten Stunde, in den gro\u00dfen Pausen und in der siebten Stunde ihre Erst- und Zweitstimme abgeben. Nach der Ausz\u00e4hlung der Wahlergebnisse wurde deutlich, dass 47,6% der wahlberechtigten Jugendlichen von ihrem Stimmrecht Gebrauch gemacht haben.<\/p>\n\n\n\n<p><br>Das Ergebnis der Juniorwahl am HGK wird nach der echten Landtagswahl Baden-W\u00fcrttemberg in der Aula ausgeh\u00e4ngt.<br><\/p>\n\n\n\n<p>Vielen Dank an alle W\u00e4hlerinnen und W\u00e4hler sowie an alle Wahlhelferinnen und Wahlhelfer, die zum Gelingen des Projekts beigetragen haben.<\/p>\n\n\n\n<p class=\"has-text-align-right\"><em>von Susanne Lederer<\/em><\/p>\n","protected":false},"excerpt":{"rendered":"<p>Am Donnerstag, den 05.03.2026, fand am Humboldt-Gymnasium f\u00fcr die Klassenstufen 9 bis K2 die Juniorwahl zur Landtagswahl Baden-W\u00fcrttemberg statt. Die Sch\u00fclerinnen und Sch\u00fcler des Leistungsfachs Gemeinschaftskunde K1 richteten hierf\u00fcr ein Wahllokal in der Aula ein. Dort konnten alle Wahlberechtigten vor der ersten Stunde, in den gro\u00dfen Pausen und in der siebten Stunde ihre Erst- und [&hellip;]<\/p>\n","protected":false},"author":16,"featured_media":1831,"comment_status":"closed","ping_status":"open","sticky":false,"template":"","format":"standard","meta":{"footnotes":""},"categories":[1],"tags":[],"class_list":["post-1830","post","type-post","status-publish","format-standard","has-post-thumbnail","hentry","category-news"],"_links":{"self":[{"href":"https:\/\/www.humboldt-ka.de\/index.php\/wp-json\/wp\/v2\/posts\/1830","targetHints":{"allow":["GET"]}}],"collection":[{"href":"https:\/\/www.humboldt-ka.de\/index.php\/wp-json\/wp\/v2\/posts"}],"about":[{"href":"https:\/\/www.humboldt-ka.de\/index.php\/wp-json\/wp\/v2\/types\/post"}],"author":[{"embeddable":true,"href":"https:\/\/www.humboldt-ka.de\/index.php\/wp-json\/wp\/v2\/users\/16"}],"replies":[{"embeddable":true,"href":"https:\/\/www.humboldt-ka.de\/index.php\/wp-json\/wp\/v2\/comments?post=1830"}],"version-history":[{"count":3,"href":"https:\/\/www.humboldt-ka.de\/index.php\/wp-json\/wp\/v2\/posts\/1830\/revisions"}],"predecessor-version":[{"id":1834,"href":"https:\/\/www.humboldt-ka.de\/index.php\/wp-json\/wp\/v2\/posts\/1830\/revisions\/1834"}],"wp:featuredmedia":[{"embeddable":true,"href":"https:\/\/www.humboldt-ka.de\/index.php\/wp-json\/wp\/v2\/media\/1831"}],"wp:attachment":[{"href":"https:\/\/www.humboldt-ka.de\/index.php\/wp-json\/wp\/v2\/media?parent=1830"}],"wp:term":[{"taxonomy":"category","embeddable":true,"href":"https:\/\/www.humboldt-ka.de\/index.php\/wp-json\/wp\/v2\/categories?post=1830"},{"taxonomy":"post_tag","embeddable":true,"href":"https:\/\/www.humboldt-ka.de\/index.php\/wp-json\/wp\/v2\/tags?post=1830"}],"curies":[{"name":"wp","href":"https:\/\/api.w.org\/{rel}","templated":true}]}}