{"id":1835,"date":"2026-03-05T21:45:42","date_gmt":"2026-03-05T20:45:42","guid":{"rendered":"https:\/\/www.humboldt-ka.de\/index.php\/?p=1835"},"modified":"2026-03-09T08:57:58","modified_gmt":"2026-03-09T07:57:58","slug":"grosser-andrang-am-hgk-infoabend","status":"publish","type":"post","link":"https:\/\/www.humboldt-ka.de\/index.php\/grosser-andrang-am-hgk-infoabend\/","title":{"rendered":"Gro\u00dfer Andrang am HGK-Infoabend"},"content":{"rendered":"\n<p>Zum Info-Abend am HGK kamen rund 200 angehende F\u00fcnftkl\u00e4ssler. Sowohl f\u00fcr die Kinder als auch f\u00fcr die Eltern hatte die Schulgemeinschaft unter Federf\u00fchrung von Frau Epple ein buntes und informatives Programm zusammengestellt. Nach einer zentralen Begr\u00fc\u00dfung in der Aula konnten sich die interessierten Eltern den weiteren Verlauf des Abends selbst zusammenstellen, indem sie gezielt Informationsrunden zu spezifischen Themenbereichen aufsuchten, wie z.B. das besondere Medienkonzept am HGK, die M\u00f6glichkeiten der Beteiligung der Sch\u00fclerinnen und Sch\u00fcler am Schulleben oder die Betreuungsangebote am HGK. Wh\u00e4renddessen erkundeten die interessierten Sch\u00fclerinnen und Sch\u00fcler das Schulhaus und konnten in kleinen Gruppen sogar schon in den ein oder anderen Fachunterricht schnuppern. Viele engagierte Sch\u00fclerinnen und Sch\u00fcler halfen dabei mit, die Kleingruppen mit Rat und Tat durch das Schulhaus zu f\u00fchren.<\/p>\n\n\n\n<p><br>&#8222;Wir haben das Humboldt-Gymnasium in der ganzen Vielfalt seiner M\u00f6glichkeiten als weltoffenes Gymnasium pr\u00e4sentiert, das nicht zuletzt auf viel Erfahrung mit G9 zur\u00fcckgreifen kann, wovon die neuen F\u00fcnftkl\u00e4ssler gewiss profitieren k\u00f6nnen&#8220;, zeigte sich Schulleiter Ulrich Hecking sehr zufrieden mit der Veranstaltung. <\/p>\n\n\n\n<p>Die Anmeldung f\u00fcr die neuen F\u00fcnftkl\u00e4ssler am HGK l\u00e4uft noch bis einschlie\u00dflich Donnerstag, 12.3. Hier finden Sie alle wichtigen Informationen zur Anmeldung: <a href=\"https:\/\/www.humboldt-ka.de\/anmeldung-am-humboldt-gymnasium\/\">https:\/\/www.humboldt-ka.de\/anmeldung-am-humboldt-gymnasium\/<\/a><\/p>\n\n\n\n<p class=\"has-text-align-right\"><em>von Redaktion<\/em><\/p>\n\n\n\n<p><\/p>\n","protected":false},"excerpt":{"rendered":"<p>Zum Info-Abend am HGK kamen rund 200 angehende F\u00fcnftkl\u00e4ssler. Sowohl f\u00fcr die Kinder als auch f\u00fcr die Eltern hatte die Schulgemeinschaft unter Federf\u00fchrung von Frau Epple ein buntes und informatives Programm zusammengestellt. Nach einer zentralen Begr\u00fc\u00dfung in der Aula konnten sich die interessierten Eltern den weiteren Verlauf des Abends selbst zusammenstellen, indem sie gezielt Informationsrunden [&hellip;]<\/p>\n","protected":false},"author":16,"featured_media":1838,"comment_status":"closed","ping_status":"open","sticky":false,"template":"","format":"standard","meta":{"footnotes":""},"categories":[1],"tags":[],"class_list":["post-1835","post","type-post","status-publish","format-standard","has-post-thumbnail","hentry","category-news"],"_links":{"self":[{"href":"https:\/\/www.humboldt-ka.de\/index.php\/wp-json\/wp\/v2\/posts\/1835","targetHints":{"allow":["GET"]}}],"collection":[{"href":"https:\/\/www.humboldt-ka.de\/index.php\/wp-json\/wp\/v2\/posts"}],"about":[{"href":"https:\/\/www.humboldt-ka.de\/index.php\/wp-json\/wp\/v2\/types\/post"}],"author":[{"embeddable":true,"href":"https:\/\/www.humboldt-ka.de\/index.php\/wp-json\/wp\/v2\/users\/16"}],"replies":[{"embeddable":true,"href":"https:\/\/www.humboldt-ka.de\/index.php\/wp-json\/wp\/v2\/comments?post=1835"}],"version-history":[{"count":3,"href":"https:\/\/www.humboldt-ka.de\/index.php\/wp-json\/wp\/v2\/posts\/1835\/revisions"}],"predecessor-version":[{"id":1843,"href":"https:\/\/www.humboldt-ka.de\/index.php\/wp-json\/wp\/v2\/posts\/1835\/revisions\/1843"}],"wp:featuredmedia":[{"embeddable":true,"href":"https:\/\/www.humboldt-ka.de\/index.php\/wp-json\/wp\/v2\/media\/1838"}],"wp:attachment":[{"href":"https:\/\/www.humboldt-ka.de\/index.php\/wp-json\/wp\/v2\/media?parent=1835"}],"wp:term":[{"taxonomy":"category","embeddable":true,"href":"https:\/\/www.humboldt-ka.de\/index.php\/wp-json\/wp\/v2\/categories?post=1835"},{"taxonomy":"post_tag","embeddable":true,"href":"https:\/\/www.humboldt-ka.de\/index.php\/wp-json\/wp\/v2\/tags?post=1835"}],"curies":[{"name":"wp","href":"https:\/\/api.w.org\/{rel}","templated":true}]}}