{"id":1863,"date":"2026-03-11T20:01:45","date_gmt":"2026-03-11T19:01:45","guid":{"rendered":"https:\/\/www.humboldt-ka.de\/index.php\/?p=1863"},"modified":"2026-03-11T20:03:19","modified_gmt":"2026-03-11T19:03:19","slug":"das-hgk-geht-auf-taizefahrt","status":"publish","type":"post","link":"https:\/\/www.humboldt-ka.de\/index.php\/das-hgk-geht-auf-taizefahrt\/","title":{"rendered":"Das HGK geht auf Taiz\u00e9fahrt"},"content":{"rendered":"\n<p>Einen wichtigen Tipp hatte der erfahrene Taiz\u00e9fahrer Yannik (11b) beim Infoabend zur erstmaligen Fahrt nach Taiz\u00e9 f\u00fcr seine Mitsch\u00fclerinnen und Mitsch\u00fcler parat: \u201eNehmt gen\u00fcgend Snacks mit, das Essen kann manchmal ein bisschen wenig sein\u201c, sagte er augenzwinkernd und hatte die Lacher schnell auf seiner Seite. Das Humboldt-Gymnasium und das Gymnasium Neureut bieten Anfang Mai\u00a0in Kooperation mit der Evangelischen und der Katholischen Kirchengemeinde Neureut\u00a0erstmals eine gemeinsame Taiz\u00e9fahrt an. <\/p>\n\n\n\n<p>Auf Initiative einiger Sch\u00fclerinnen und Sch\u00fcler \u00fcbernahmen die Latein- und Religionslehrerin Claudia Klant sowie Pfarrer Pascal W\u00fcrfel die Organisation und fanden mit Christin Peuten vom Humboldt-Gymnasium tatkr\u00e4ftige Unterst\u00fctzung. 35 Sch\u00fclerinnen und Sch\u00fcler aus beiden Schulen werden die Fahrt antreten. Zur Einstimmung feierten sie am vergangenen Mittwoch eine gemeinsame Andacht in der Kircher St. Judas Thadd\u00e4us. Dabei waren neben den Jugendlichen auch Eltern eingeladen, symbolisch ihre Lasten zum Kreuz zu bringen und einen Stein abzulegen. Gemeinsam gesungene Taiz\u00e9lieder, Gebete, Zeiten der Stille und ein kurzes Bibelwort bereiteten die jungen Menschen auf die besondere Reise vor. <\/p>\n\n\n\n<p>Die Vorfreude auf die gemeinsamen Tage ist bei allen Beteiligten deutlich sp\u00fcrbar gewesen. Neben den t\u00e4glichen Gebetszeiten in der Gemeinschaft von Taiz\u00e9 freuen sich die Jugendlichen besonders auf die Begegnungen mit jungen Menschen aus unterschiedlichen L\u00e4ndern und Kulturen. Der einfache Lebensstil vor Ort und die Gespr\u00e4che in Kleingruppen versprechen pr\u00e4gende Erfahrungen, die \u00fcber die Fahrt hinaus wirken k\u00f6nnen. F\u00fcr viele wird es eine besondere Gelegenheit sein, Glauben neu und gemeinschaftlich zu erleben. Finanziell unterst\u00fctzt wird die Fahrt durch die Erzdi\u00f6zese Freiburg\u00a0sowie den Kirchenbezirk Karlsruhe-Land. Wenn dann auch noch gen\u00fcgend Snacks im Gep\u00e4ck sind, kann nichts mehr schief gehen.<\/p>\n\n\n\n<p class=\"has-text-align-right\"><em>von Pfarrer Pascal W\u00fcrfel<\/em><\/p>\n","protected":false},"excerpt":{"rendered":"<p>Einen wichtigen Tipp hatte der erfahrene Taiz\u00e9fahrer Yannik (11b) beim Infoabend zur erstmaligen Fahrt nach Taiz\u00e9 f\u00fcr seine Mitsch\u00fclerinnen und Mitsch\u00fcler parat: \u201eNehmt gen\u00fcgend Snacks mit, das Essen kann manchmal ein bisschen wenig sein\u201c, sagte er augenzwinkernd und hatte die Lacher schnell auf seiner Seite. Das Humboldt-Gymnasium und das Gymnasium Neureut bieten Anfang Mai\u00a0in Kooperation [&hellip;]<\/p>\n","protected":false},"author":16,"featured_media":1864,"comment_status":"closed","ping_status":"open","sticky":false,"template":"","format":"standard","meta":{"footnotes":""},"categories":[1],"tags":[],"class_list":["post-1863","post","type-post","status-publish","format-standard","has-post-thumbnail","hentry","category-news"],"_links":{"self":[{"href":"https:\/\/www.humboldt-ka.de\/index.php\/wp-json\/wp\/v2\/posts\/1863","targetHints":{"allow":["GET"]}}],"collection":[{"href":"https:\/\/www.humboldt-ka.de\/index.php\/wp-json\/wp\/v2\/posts"}],"about":[{"href":"https:\/\/www.humboldt-ka.de\/index.php\/wp-json\/wp\/v2\/types\/post"}],"author":[{"embeddable":true,"href":"https:\/\/www.humboldt-ka.de\/index.php\/wp-json\/wp\/v2\/users\/16"}],"replies":[{"embeddable":true,"href":"https:\/\/www.humboldt-ka.de\/index.php\/wp-json\/wp\/v2\/comments?post=1863"}],"version-history":[{"count":1,"href":"https:\/\/www.humboldt-ka.de\/index.php\/wp-json\/wp\/v2\/posts\/1863\/revisions"}],"predecessor-version":[{"id":1865,"href":"https:\/\/www.humboldt-ka.de\/index.php\/wp-json\/wp\/v2\/posts\/1863\/revisions\/1865"}],"wp:featuredmedia":[{"embeddable":true,"href":"https:\/\/www.humboldt-ka.de\/index.php\/wp-json\/wp\/v2\/media\/1864"}],"wp:attachment":[{"href":"https:\/\/www.humboldt-ka.de\/index.php\/wp-json\/wp\/v2\/media?parent=1863"}],"wp:term":[{"taxonomy":"category","embeddable":true,"href":"https:\/\/www.humboldt-ka.de\/index.php\/wp-json\/wp\/v2\/categories?post=1863"},{"taxonomy":"post_tag","embeddable":true,"href":"https:\/\/www.humboldt-ka.de\/index.php\/wp-json\/wp\/v2\/tags?post=1863"}],"curies":[{"name":"wp","href":"https:\/\/api.w.org\/{rel}","templated":true}]}}