{"id":1868,"date":"2026-03-16T07:08:00","date_gmt":"2026-03-16T06:08:00","guid":{"rendered":"https:\/\/www.humboldt-ka.de\/index.php\/?p=1868"},"modified":"2026-03-12T13:14:49","modified_gmt":"2026-03-12T12:14:49","slug":"hgk-team-beim-regionalwettbewerb-jugend-debattiert","status":"publish","type":"post","link":"https:\/\/www.humboldt-ka.de\/index.php\/hgk-team-beim-regionalwettbewerb-jugend-debattiert\/","title":{"rendered":"HGK-Team beim Regionalwettbewerb &#8222;Jugend debattiert&#8220;"},"content":{"rendered":"\n<p>Bereits Mitte Februar fand der diesj\u00e4hrige Regionalwettbewerb von \u201eJugend debattiert\u201c an der Fritz-Erler-Schule in Pforzheim statt. Die drei Debattant*en der 10. Klasse, Isabelle Gabriel, Immanuel Philipp und Michael Walter, hatten sich im Vorhinein schon mit den Themen f\u00fcr die Debatte vertraut gemacht und ausgiebig recherchiert. Angekommen in der Schule wurden wir freundlich vom dortigen Schulleiter begr\u00fc\u00dft. Danach ging es direkt mit der ersten Debatte los. Es wurde dar\u00fcber diskutiert, ob Tierhalter*innen zum Abschluss einer Tierkrankenversicherung verpflichtet werden sollen.<\/p>\n\n\n\n<p>Grunds\u00e4tzlich werden die Debatten regul\u00e4r von vier Personen pro Gruppe ausgetragen: Zwei Personen argumentieren f\u00fcr die Pro-, zwei f\u00fcr die Contra-Seite. Zu Beginn jeder Debatte hat jede*r Debattant*in die M\u00f6glichkeit in seiner Er\u00f6ffnungsrede ein erstes Statement zu setzen, um so Einfluss auf den sp\u00e4teren Verlauf der Debatte zu nehmen.<\/p>\n\n\n\n<p>Schon in der ersten Debatte gab es einen Schlagabtausch zwischen den unterschiedlichen Seiten. Nach der zwanzigmin\u00fctigen Diskussion hatte jede*r noch einmal die M\u00f6glichkeit, die eigene Position in der Schlussrede darzustellen. Nach Abschluss der Aussprache zog sich die Jury f\u00fcr eine kurze Besprechung zur\u00fcck. Nach der ersten Runde bekam jede*r Teilnehmer*in ein kurzes Feedback dazu, was in der Argumentation gut und weniger gut gelungen war.<\/p>\n\n\n\n<p>Nach einer kurzen Pause startete die zweite Runde und es ging um die Frage, ob f\u00fcr G\u00e4rten von Privathaushalten eine insektenfreundliche Gestaltung vom Gesetzgeber vorgeschrieben werden sollte. Auch in dieser Debatte wurde hitzig diskutiert. Es gab viele Vorschl\u00e4ge, wie man eine solche Vorschrift umsetzen k\u00f6nnte, aber auch Vorschl\u00e4ge, wie man diesen Einschnitt in die Privatsph\u00e4re eines jeden einzelnen durch bessere Aufkl\u00e4rungsma\u00dfnahmen umgehen k\u00f6nnte. Am Ende dieser Diskussion zogen sich alle Jurymitglieder zur Auswertung zur\u00fcck. Schnell stand fest, wer in das Finale des diesj\u00e4hrigen Regionalwettbewerbs einziehen durfte.<\/p>\n\n\n\n<p>Eine herzliche Gratulation geht an Isabelle, die es sogar als Vorrundenbeste bis ins Finale geschafft hatte. Das Finalthema hie\u00df: Soll auf allen \u00f6ffentlichen Pl\u00e4tzen in unserer Region kostenloses WLAN angeboten werden? Auch diese Debatte wurde sehr leidenschaftlich ausgetragen. Als Argumente wurden unter anderem sogenannte \u201eEvil Twins\u201c benannt, die als gef\u00e4lschte WLAN-Netzwerke pers\u00f6nliche Daten der Internetnutzer*innen abzugreifen versuchen. Aber auch der Aspekt der sozialen Gerechtigkeit wurde in diesem Zusammenhang genannt.<\/p>\n\n\n\n<p>Nach der Debatte zog sich die Jury ein letztes Mal zur\u00fcck. Es musste nun dar\u00fcber entschieden werden, wer 2026 zum Landeswettbewerb nach Stuttgart fahren und den Regionalverband Karlsruhe-Pforzheim vertreten darf.<\/p>\n\n\n\n<p>Am Ende gewannen die beiden Debattant*innen Henri Burkhardt von der Fritz-Erler-Schule und Anselm Wagner vom Eichendorff-Gymnasium in Ettlingen. Wir w\u00fcnschen den beiden viel Erfolg in Stuttgart.<\/p>\n\n\n\n<p>Abschlie\u00dfend l\u00e4sst sich sagen, dass der Tag f\u00fcr einige \u00dcberraschungen sorgte und dadurch sehr gelungen war.<\/p>\n\n\n\n<p>Ein herzliches Dankesch\u00f6n geht an Herrn Vormstein, der die Teilnahme an \u201eJugend debattiert\u201c durch seinen Einsatz f\u00fcr uns m\u00f6glich gemacht hat.<\/p>\n\n\n\n<p class=\"has-text-align-right\"><em>von Niklas Bosse<\/em><\/p>\n","protected":false},"excerpt":{"rendered":"<p>Bereits Mitte Februar fand der diesj\u00e4hrige Regionalwettbewerb von \u201eJugend debattiert\u201c an der Fritz-Erler-Schule in Pforzheim statt. Die drei Debattant*en der 10. Klasse, Isabelle Gabriel, Immanuel Philipp und Michael Walter, hatten sich im Vorhinein schon mit den Themen f\u00fcr die Debatte vertraut gemacht und ausgiebig recherchiert. Angekommen in der Schule wurden wir freundlich vom dortigen Schulleiter [&hellip;]<\/p>\n","protected":false},"author":16,"featured_media":1869,"comment_status":"closed","ping_status":"open","sticky":false,"template":"","format":"standard","meta":{"footnotes":""},"categories":[1],"tags":[],"class_list":["post-1868","post","type-post","status-publish","format-standard","has-post-thumbnail","hentry","category-news"],"_links":{"self":[{"href":"https:\/\/www.humboldt-ka.de\/index.php\/wp-json\/wp\/v2\/posts\/1868","targetHints":{"allow":["GET"]}}],"collection":[{"href":"https:\/\/www.humboldt-ka.de\/index.php\/wp-json\/wp\/v2\/posts"}],"about":[{"href":"https:\/\/www.humboldt-ka.de\/index.php\/wp-json\/wp\/v2\/types\/post"}],"author":[{"embeddable":true,"href":"https:\/\/www.humboldt-ka.de\/index.php\/wp-json\/wp\/v2\/users\/16"}],"replies":[{"embeddable":true,"href":"https:\/\/www.humboldt-ka.de\/index.php\/wp-json\/wp\/v2\/comments?post=1868"}],"version-history":[{"count":1,"href":"https:\/\/www.humboldt-ka.de\/index.php\/wp-json\/wp\/v2\/posts\/1868\/revisions"}],"predecessor-version":[{"id":1870,"href":"https:\/\/www.humboldt-ka.de\/index.php\/wp-json\/wp\/v2\/posts\/1868\/revisions\/1870"}],"wp:featuredmedia":[{"embeddable":true,"href":"https:\/\/www.humboldt-ka.de\/index.php\/wp-json\/wp\/v2\/media\/1869"}],"wp:attachment":[{"href":"https:\/\/www.humboldt-ka.de\/index.php\/wp-json\/wp\/v2\/media?parent=1868"}],"wp:term":[{"taxonomy":"category","embeddable":true,"href":"https:\/\/www.humboldt-ka.de\/index.php\/wp-json\/wp\/v2\/categories?post=1868"},{"taxonomy":"post_tag","embeddable":true,"href":"https:\/\/www.humboldt-ka.de\/index.php\/wp-json\/wp\/v2\/tags?post=1868"}],"curies":[{"name":"wp","href":"https:\/\/api.w.org\/{rel}","templated":true}]}}