{"id":2050,"date":"2026-04-27T08:40:00","date_gmt":"2026-04-27T06:40:00","guid":{"rendered":"https:\/\/www.humboldt-ka.de\/index.php\/?p=2050"},"modified":"2026-04-21T13:50:55","modified_gmt":"2026-04-21T11:50:55","slug":"expertengespraech-mit-einem-jugendoffizier","status":"publish","type":"post","link":"https:\/\/www.humboldt-ka.de\/index.php\/expertengespraech-mit-einem-jugendoffizier\/","title":{"rendered":"Expertengespr\u00e4ch mit einem Jugendoffizier"},"content":{"rendered":"\n<p><br>Krisen, Konflikte, Kriege &#8211; internationale Herausforderungen bestimmen mittlerweile die Nachrichten und wirken sich auf unseren Alltag aus. Auch die Bundeswehr wird dadurch als Akteur in den Nachrichten immer pr\u00e4senter. Um die aktuelle sicherheitspolitische Lage in Deutschland und der Welt sowie die Rolle der Bundeswehr in diesem Zusammenang aus Sicht eines Experten kennenzulernen, besuchte am 27.03.2026 ein Jugendoffizier der Bundeswehr den Unterrichts des Basisfachs plus Gemeinschaftskunde (K2). Zugleich nahmen auch einige interessierte Sch\u00fclerinnen und Sch\u00fcler des Leistungfachs Gemeinschaftskunde (K2) daran teil. W\u00e4hrend und im Anschluss an einen Vortrag stellten die Jugendlichen ihre Fragen und konnten so eine weitere Perspektive zur eigenen Urteilfindung hinsichtlich der aktuellen Ereignisse kennenlernen.<br><\/p>\n\n\n\n<p class=\"has-text-align-right\"><em>von S. Lederer<\/em><\/p>\n\n\n\n<p><\/p>\n","protected":false},"excerpt":{"rendered":"<p>Krisen, Konflikte, Kriege &#8211; internationale Herausforderungen bestimmen mittlerweile die Nachrichten und wirken sich auf unseren Alltag aus. Auch die Bundeswehr wird dadurch als Akteur in den Nachrichten immer pr\u00e4senter. Um die aktuelle sicherheitspolitische Lage in Deutschland und der Welt sowie die Rolle der Bundeswehr in diesem Zusammenang aus Sicht eines Experten kennenzulernen, besuchte am 27.03.2026 [&hellip;]<\/p>\n","protected":false},"author":16,"featured_media":2052,"comment_status":"closed","ping_status":"open","sticky":false,"template":"","format":"standard","meta":{"footnotes":""},"categories":[1],"tags":[],"class_list":["post-2050","post","type-post","status-publish","format-standard","has-post-thumbnail","hentry","category-news"],"_links":{"self":[{"href":"https:\/\/www.humboldt-ka.de\/index.php\/wp-json\/wp\/v2\/posts\/2050","targetHints":{"allow":["GET"]}}],"collection":[{"href":"https:\/\/www.humboldt-ka.de\/index.php\/wp-json\/wp\/v2\/posts"}],"about":[{"href":"https:\/\/www.humboldt-ka.de\/index.php\/wp-json\/wp\/v2\/types\/post"}],"author":[{"embeddable":true,"href":"https:\/\/www.humboldt-ka.de\/index.php\/wp-json\/wp\/v2\/users\/16"}],"replies":[{"embeddable":true,"href":"https:\/\/www.humboldt-ka.de\/index.php\/wp-json\/wp\/v2\/comments?post=2050"}],"version-history":[{"count":2,"href":"https:\/\/www.humboldt-ka.de\/index.php\/wp-json\/wp\/v2\/posts\/2050\/revisions"}],"predecessor-version":[{"id":2069,"href":"https:\/\/www.humboldt-ka.de\/index.php\/wp-json\/wp\/v2\/posts\/2050\/revisions\/2069"}],"wp:featuredmedia":[{"embeddable":true,"href":"https:\/\/www.humboldt-ka.de\/index.php\/wp-json\/wp\/v2\/media\/2052"}],"wp:attachment":[{"href":"https:\/\/www.humboldt-ka.de\/index.php\/wp-json\/wp\/v2\/media?parent=2050"}],"wp:term":[{"taxonomy":"category","embeddable":true,"href":"https:\/\/www.humboldt-ka.de\/index.php\/wp-json\/wp\/v2\/categories?post=2050"},{"taxonomy":"post_tag","embeddable":true,"href":"https:\/\/www.humboldt-ka.de\/index.php\/wp-json\/wp\/v2\/tags?post=2050"}],"curies":[{"name":"wp","href":"https:\/\/api.w.org\/{rel}","templated":true}]}}